{"id":2222,"date":"2026-04-29T08:42:28","date_gmt":"2026-04-29T07:42:28","guid":{"rendered":"https:\/\/cabas-bio.fr\/?p=2222"},"modified":"2026-04-29T08:42:54","modified_gmt":"2026-04-29T07:42:54","slug":"vente-de-poulets-bio-de-la-ptiote-ferme-4","status":"publish","type":"post","link":"https:\/\/cabas-bio.fr\/?p=2222","title":{"rendered":"Vente de poulets BIO de la \u00ab\u00a0P\u2019tiote Ferme\u00a0\u00bb"},"content":{"rendered":"\n<h1 class=\"wp-block-heading has-text-align-center has-text-color has-link-color wp-elements-6b56de48d05ee0f637a8d2c8df08d8c8\" style=\"color:#810c0c\"><strong>La P\u2019tiote Ferme vous propose de passer commande pour une livraison de poulets BIO<\/strong><\/h1>\n\n\n\n<h2 class=\"wp-block-heading has-text-align-center has-text-color has-link-color wp-elements-8a76e0e51366301251a034f953b8eef9\" style=\"color:#810c0c\">4 dates de livraison sont pr\u00e9vues prochainement :<\/h2>\n\n\n\n<hr class=\"wp-block-separator has-alpha-channel-opacity\"\/>\n\n\n\n<h1 class=\"wp-block-heading has-text-align-center has-luminous-vivid-orange-color has-text-color has-link-color wp-elements-48450a653a50ac5320450f50ba83f905\"><strong>le mercredi 6 mai 2026<\/strong><\/h1>\n\n\n\n<h2 class=\"wp-block-heading has-text-align-center has-text-color has-link-color wp-elements-cf69bda35407ac6de3fe7be075ba5ccb\" style=\"color:#810c0c\">(r\u00e9servation \u00e0 faire avant vendredi 1er mai)<\/h2>\n\n\n\n<hr class=\"wp-block-separator has-alpha-channel-opacity\"\/>\n\n\n\n<h1 class=\"wp-block-heading has-text-align-center has-luminous-vivid-orange-color has-text-color has-link-color wp-elements-0bb7d66ca6014aef93a8b4e5c36800e8\"><strong>le mercredi 27 mai 2026<\/strong><\/h1>\n\n\n\n<h2 class=\"wp-block-heading has-text-align-center has-text-color has-link-color wp-elements-a41c350cbf7fa6f8cd40fe81c4d328c2\" style=\"color:#810c0c\">(r\u00e9servation \u00e0 faire avant vendredi 22 mai)<\/h2>\n\n\n\n<hr class=\"wp-block-separator has-alpha-channel-opacity\"\/>\n\n\n\n<h1 class=\"wp-block-heading has-text-align-center has-luminous-vivid-orange-color has-text-color has-link-color wp-elements-7cb4c8be4323e432f7bd5cb038841324\"><strong>le mercredi 17 juin 2026<\/strong><\/h1>\n\n\n\n<h2 class=\"wp-block-heading has-text-align-center has-text-color has-link-color wp-elements-2375a631ac1f32aa7901741774b9c6cc\" style=\"color:#810c0c\">(r\u00e9servation \u00e0 faire avant vendredi 12 juin)<\/h2>\n\n\n\n<hr class=\"wp-block-separator has-alpha-channel-opacity\"\/>\n\n\n\n<h1 class=\"wp-block-heading has-text-align-center has-luminous-vivid-orange-color has-text-color has-link-color wp-elements-1566616d7e6760bc728de21ba0464aac\"><strong><strong>le mercredi 8 juillet 2026<\/strong><\/strong><\/h1>\n\n\n\n<h2 class=\"wp-block-heading has-text-align-center has-text-color has-link-color wp-elements-db8ac0181376a59ec8a66c7097a05384\" style=\"color:#810c0c\">(r\u00e9servation \u00e0 faire avant vendredi 3 juillet)<\/h2>\n\n\n\n<hr class=\"wp-block-separator has-alpha-channel-opacity\"\/>\n\n\n\n<h3 class=\"wp-block-heading has-text-align-center\">Livraisons de 11h \u00e0 13h, au rendez-vous du cabas bio sur le parking de \u00ab\u00a0Carrefour Market\u00a0\u00bb face \u00e0 la gare du Creusot,<\/h3>\n\n\n\n<h3 class=\"wp-block-heading has-text-align-center has-luminous-vivid-orange-color has-text-color has-link-color wp-elements-9743824818b2db9015bd180087634a60\"><strong>Il s\u2019agit de poulets de race cou-nus crois\u00e9s pattes bleues (poulet de Bresse), une race dite \u00e0 croissance lente, ce qui donne une viande de haute qualit\u00e9. Ils sont vendus \u00e0 13 \u20ac\/kg et font g\u00e9n\u00e9ralement environ 2kg.<\/strong><\/h3>\n\n\n\n<h2 class=\"wp-block-heading has-text-align-center has-text-color has-link-color wp-elements-8b99a640b9e32ea4946dbaa02d2f9237\" style=\"color:#810c0c\">Merci de commander par mail :<\/h2>\n\n\n\n<h3 class=\"wp-block-heading has-text-align-center has-text-color has-link-color wp-elements-5d7c2c13f1c5fadf0dab072d907d3013\" style=\"color:#1307e3\"><a href=\"mailto:laptioteferme@ecomail.fr\">laptioteferme@ecomail.fr<\/a><\/h3>\n\n\n\n<h2 class=\"wp-block-heading has-text-align-center has-text-color has-link-color wp-elements-13f2cc469ee55f625aa6054f9fae81d1\" style=\"color:#810c0c\">Indiquer dans le mail que c\u2019est pour le Cabas Bio<\/h2>\n\n\n\n<hr class=\"wp-block-separator has-alpha-channel-opacity\"\/>\n\n\n\n<p>Mathilde SUTTER \u2013 <strong>La P\u2019tiote ferme<\/strong><br>875 chemin de la Chassagne<br>71 190 LAIZY<\/p>\n\n\n<div class=\"wp-block-image\">\n<figure class=\"aligncenter\"><a href=\"http:\/\/cabas-bio.fr\/wp-content\/uploads\/2025\/05\/laptioteferme.png\"><img loading=\"lazy\" decoding=\"async\" width=\"724\" height=\"1024\" src=\"http:\/\/cabas-bio.fr\/wp-content\/uploads\/2025\/05\/laptioteferme-724x1024.png\" alt=\"\" class=\"wp-image-2062\" srcset=\"https:\/\/cabas-bio.fr\/wp-content\/uploads\/2025\/05\/laptioteferme-724x1024.png 724w, https:\/\/cabas-bio.fr\/wp-content\/uploads\/2025\/05\/laptioteferme-212x300.png 212w, https:\/\/cabas-bio.fr\/wp-content\/uploads\/2025\/05\/laptioteferme-768x1086.png 768w, https:\/\/cabas-bio.fr\/wp-content\/uploads\/2025\/05\/laptioteferme-600x849.png 600w, https:\/\/cabas-bio.fr\/wp-content\/uploads\/2025\/05\/laptioteferme-1086x1536.png 1086w, https:\/\/cabas-bio.fr\/wp-content\/uploads\/2025\/05\/laptioteferme-560x792.png 560w, https:\/\/cabas-bio.fr\/wp-content\/uploads\/2025\/05\/laptioteferme-260x368.png 260w, https:\/\/cabas-bio.fr\/wp-content\/uploads\/2025\/05\/laptioteferme-160x226.png 160w, https:\/\/cabas-bio.fr\/wp-content\/uploads\/2025\/05\/laptioteferme-1320x1867.png 1320w, https:\/\/cabas-bio.fr\/wp-content\/uploads\/2025\/05\/laptioteferme.png 1414w\" sizes=\"(max-width: 724px) 100vw, 724px\" \/><\/a><\/figure><\/div>","protected":false},"excerpt":{"rendered":"<p>La P\u2019tiote Ferme vous propose de passer commande pour une livraison de poulets BIO 4 dates de livraison sont pr\u00e9vues prochainement : le mercredi 6 mai 2026 (r\u00e9servation \u00e0 faire avant vendredi 1er mai) le mercredi 27 mai 2026 (r\u00e9servation&hellip;<\/p>\n<p class=\"more-link-p\"><a class=\"more-link\" href=\"https:\/\/cabas-bio.fr\/?p=2222\">Read more &rarr;<\/a><\/p>\n","protected":false},"author":3,"featured_media":0,"comment_status":"closed","ping_status":"closed","sticky":false,"template":"","format":"standard","meta":{"footnotes":""},"categories":[1],"tags":[],"_links":{"self":[{"href":"https:\/\/cabas-bio.fr\/index.php?rest_route=\/wp\/v2\/posts\/2222"}],"collection":[{"href":"https:\/\/cabas-bio.fr\/index.php?rest_route=\/wp\/v2\/posts"}],"about":[{"href":"https:\/\/cabas-bio.fr\/index.php?rest_route=\/wp\/v2\/types\/post"}],"author":[{"embeddable":true,"href":"https:\/\/cabas-bio.fr\/index.php?rest_route=\/wp\/v2\/users\/3"}],"replies":[{"embeddable":true,"href":"https:\/\/cabas-bio.fr\/index.php?rest_route=%2Fwp%2Fv2%2Fcomments&post=2222"}],"version-history":[{"count":5,"href":"https:\/\/cabas-bio.fr\/index.php?rest_route=\/wp\/v2\/posts\/2222\/revisions"}],"predecessor-version":[{"id":2227,"href":"https:\/\/cabas-bio.fr\/index.php?rest_route=\/wp\/v2\/posts\/2222\/revisions\/2227"}],"wp:attachment":[{"href":"https:\/\/cabas-bio.fr\/index.php?rest_route=%2Fwp%2Fv2%2Fmedia&parent=2222"}],"wp:term":[{"taxonomy":"category","embeddable":true,"href":"https:\/\/cabas-bio.fr\/index.php?rest_route=%2Fwp%2Fv2%2Fcategories&post=2222"},{"taxonomy":"post_tag","embeddable":true,"href":"https:\/\/cabas-bio.fr\/index.php?rest_route=%2Fwp%2Fv2%2Ftags&post=2222"}],"curies":[{"name":"wp","href":"https:\/\/api.w.org\/{rel}","templated":true}]}}