{"id":2188,"date":"2026-03-19T09:31:42","date_gmt":"2026-03-19T08:31:42","guid":{"rendered":"https:\/\/cabas-bio.fr\/?p=2188"},"modified":"2026-03-19T09:31:43","modified_gmt":"2026-03-19T08:31:43","slug":"vente-de-poulets-bio-de-la-ptiote-ferme-3","status":"publish","type":"post","link":"https:\/\/cabas-bio.fr\/?p=2188","title":{"rendered":"Vente de poulets BIO de la \u00ab\u00a0P\u2019tiote Ferme\u00a0\u00bb"},"content":{"rendered":"\n<h1 class=\"wp-block-heading has-text-align-center has-text-color has-link-color wp-elements-95bac2b94b58a1d5fa885e5c68fbfb62\" style=\"color:#7c1b1b\"><strong>La P\u2019tiote Ferme vous propose de passer commande pour une livraison de poulets BIO<\/strong><\/h1>\n\n\n\n<h1 class=\"wp-block-heading has-text-align-center\"><strong>La livraison aura lieu<\/strong><\/h1>\n\n\n\n<h1 class=\"wp-block-heading has-text-align-center has-luminous-vivid-orange-color has-text-color has-link-color wp-elements-bab049befd58d4848613bb831089654b\"><strong>mercredi 1er avril 2026<\/strong><\/h1>\n\n\n\n<h3 class=\"wp-block-heading has-text-align-center\">de 11h \u00e0 13h, au rendez-vous du cabas bio sur le parking de \u00ab&nbsp;Carrefour Market&nbsp;\u00bb face \u00e0 la gare du Creusot,<\/h3>\n\n\n\n<h3 class=\"wp-block-heading has-text-align-center has-vivid-red-color has-text-color has-link-color wp-elements-fb8bfc750f4cdd3fb1cd9fc3ef5aba8a\"><strong>Il s\u2019agit de poulets de race cou-nus crois\u00e9s pattes bleues (poulet de Bresse), une race dite \u00e0 croissance lente, ce qui donne une viande de haute qualit\u00e9. Ils sont vendus \u00e0 13 \u20ac\/kg, et font g\u00e9n\u00e9ralement environ 2kg.<\/strong><\/h3>\n\n\n\n<h2 class=\"wp-block-heading has-text-align-center\">Merci de commander par mail :<\/h2>\n\n\n\n<h3 class=\"wp-block-heading has-text-align-center has-text-color has-link-color wp-elements-40c84024775a99d10064e2845129eaaf\" style=\"color:#0718e3\"><a href=\"mailto:laptioteferme@ecomail.fr\">laptioteferme@ecomail.fr<\/a><\/h3>\n\n\n\n<h2 class=\"wp-block-heading has-text-align-center has-text-color has-link-color wp-elements-23e30e0ab87644f7ac291198dda33b97\" style=\"color:#7c1b1b\">Indiquer dans le mail que c\u2019est pour le Cabas Bio<\/h2>\n\n\n\n<h2 class=\"wp-block-heading has-text-align-center has-text-color has-link-color wp-elements-73c124266921c8c9d651e5332e8f134a\" style=\"color:#7c1b1b\">date limite de commande : mercredi 25 mars<\/h2>\n\n\n\n<p>Mathilde SUTTER \u2013 <strong>La P\u2019tiote ferme<\/strong><br>875 chemin de la Chassagne<br>71 190 LAIZY<\/p>\n\n\n<div class=\"wp-block-image\">\n<figure class=\"aligncenter\"><a href=\"http:\/\/cabas-bio.fr\/wp-content\/uploads\/2025\/05\/laptioteferme.png\"><img loading=\"lazy\" decoding=\"async\" width=\"724\" height=\"1024\" src=\"http:\/\/cabas-bio.fr\/wp-content\/uploads\/2025\/05\/laptioteferme-724x1024.png\" alt=\"\" class=\"wp-image-2062\" srcset=\"https:\/\/cabas-bio.fr\/wp-content\/uploads\/2025\/05\/laptioteferme-724x1024.png 724w, https:\/\/cabas-bio.fr\/wp-content\/uploads\/2025\/05\/laptioteferme-212x300.png 212w, https:\/\/cabas-bio.fr\/wp-content\/uploads\/2025\/05\/laptioteferme-768x1086.png 768w, https:\/\/cabas-bio.fr\/wp-content\/uploads\/2025\/05\/laptioteferme-600x849.png 600w, https:\/\/cabas-bio.fr\/wp-content\/uploads\/2025\/05\/laptioteferme-1086x1536.png 1086w, https:\/\/cabas-bio.fr\/wp-content\/uploads\/2025\/05\/laptioteferme-560x792.png 560w, https:\/\/cabas-bio.fr\/wp-content\/uploads\/2025\/05\/laptioteferme-260x368.png 260w, https:\/\/cabas-bio.fr\/wp-content\/uploads\/2025\/05\/laptioteferme-160x226.png 160w, https:\/\/cabas-bio.fr\/wp-content\/uploads\/2025\/05\/laptioteferme-1320x1867.png 1320w, https:\/\/cabas-bio.fr\/wp-content\/uploads\/2025\/05\/laptioteferme.png 1414w\" sizes=\"(max-width: 724px) 100vw, 724px\" \/><\/a><\/figure><\/div>","protected":false},"excerpt":{"rendered":"<p>La P\u2019tiote Ferme vous propose de passer commande pour une livraison de poulets BIO La livraison aura lieu mercredi 1er avril 2026 de 11h \u00e0 13h, au rendez-vous du cabas bio sur le parking de \u00ab&nbsp;Carrefour Market&nbsp;\u00bb face \u00e0 la&hellip;<\/p>\n<p class=\"more-link-p\"><a class=\"more-link\" href=\"https:\/\/cabas-bio.fr\/?p=2188\">Read more &rarr;<\/a><\/p>\n","protected":false},"author":3,"featured_media":0,"comment_status":"closed","ping_status":"closed","sticky":false,"template":"","format":"standard","meta":{"footnotes":""},"categories":[1],"tags":[],"_links":{"self":[{"href":"https:\/\/cabas-bio.fr\/index.php?rest_route=\/wp\/v2\/posts\/2188"}],"collection":[{"href":"https:\/\/cabas-bio.fr\/index.php?rest_route=\/wp\/v2\/posts"}],"about":[{"href":"https:\/\/cabas-bio.fr\/index.php?rest_route=\/wp\/v2\/types\/post"}],"author":[{"embeddable":true,"href":"https:\/\/cabas-bio.fr\/index.php?rest_route=\/wp\/v2\/users\/3"}],"replies":[{"embeddable":true,"href":"https:\/\/cabas-bio.fr\/index.php?rest_route=%2Fwp%2Fv2%2Fcomments&post=2188"}],"version-history":[{"count":5,"href":"https:\/\/cabas-bio.fr\/index.php?rest_route=\/wp\/v2\/posts\/2188\/revisions"}],"predecessor-version":[{"id":2195,"href":"https:\/\/cabas-bio.fr\/index.php?rest_route=\/wp\/v2\/posts\/2188\/revisions\/2195"}],"wp:attachment":[{"href":"https:\/\/cabas-bio.fr\/index.php?rest_route=%2Fwp%2Fv2%2Fmedia&parent=2188"}],"wp:term":[{"taxonomy":"category","embeddable":true,"href":"https:\/\/cabas-bio.fr\/index.php?rest_route=%2Fwp%2Fv2%2Fcategories&post=2188"},{"taxonomy":"post_tag","embeddable":true,"href":"https:\/\/cabas-bio.fr\/index.php?rest_route=%2Fwp%2Fv2%2Ftags&post=2188"}],"curies":[{"name":"wp","href":"https:\/\/api.w.org\/{rel}","templated":true}]}}