{"id":2051,"date":"2025-04-09T20:03:01","date_gmt":"2025-04-09T19:03:01","guid":{"rendered":"https:\/\/cabas-bio.fr\/?p=2051"},"modified":"2025-04-09T20:03:03","modified_gmt":"2025-04-09T19:03:03","slug":"vente-de-viande-de-porc-et-de-veau-rose-bio-de-la-ferme-la-rose-des-pres","status":"publish","type":"post","link":"https:\/\/cabas-bio.fr\/?p=2051","title":{"rendered":"Vente de viande de porc et de veau ros\u00e9 BIO de la ferme \u00ab La Rose des Pr\u00e9s \u00bb"},"content":{"rendered":"\n<h1 class=\"wp-block-heading has-text-align-center has-text-color has-link-color wp-elements-4fe0624e085b73f9af25add9afb60eb0\" style=\"color:#950606\"><strong>La ferme \u00ab\u00a0La Rose des Pr\u00e9s\u00a0\u00bb vous propose de passer une commande de viande <strong>et charcuteries<\/strong> de porcs BIO <strong>\u00e9lev\u00e9s en plein air<\/strong><\/strong> <strong>et de viande de veau ros\u00e9 BIO \u00e9lev\u00e9s sous la m\u00e8re <strong>en plein air<\/strong><\/strong>.<\/h1>\n\n\n\n<h1 class=\"wp-block-heading has-text-align-center\"><strong>La livraison aura lieu<\/strong><\/h1>\n\n\n\n<h1 class=\"wp-block-heading has-text-align-center has-luminous-vivid-orange-color has-text-color has-link-color wp-elements-4c24b39112c288a670ce46b5ad1fe206\"><strong>mercredi 23 avril 2025<\/strong><\/h1>\n\n\n\n<h3 class=\"wp-block-heading has-text-align-center\">de 11h \u00e0 13h, au rendez-vous du cabas bio sur le parking de \u00ab&nbsp;Carrefour Market&nbsp;\u00bb face \u00e0 la gare du Creusot,<\/h3>\n\n\n\n<h3 class=\"wp-block-heading has-text-align-center has-luminous-vivid-orange-color has-text-color has-link-color wp-elements-4395db9fa82c2dcddb8f7e6e65e1bcec\">Merci de passer commande en choisissant sur le Flyer accessible ci-dessous, aucun produit ne sera propos\u00e9 en dehors des commandes pass\u00e9es.<\/h3>\n\n\n\n<h2 class=\"wp-block-heading has-text-align-center has-text-color has-link-color wp-elements-db815d3c38fa759d235b4829096e6e55\" style=\"color:#950606\">Regardez le d\u00e9tail des produits disponibles sur le<\/h2>\n\n\n\n<h2 class=\"wp-block-heading has-text-align-center has-text-color has-link-color wp-elements-38763b0d22e3acf8a54a5c7f96b7e0bc\" style=\"color:#422dcf\"><strong><a href=\"http:\/\/cabas-bio.fr\/wp-content\/uploads\/2025\/04\/Flyer-Guillemot-porc-et-veau-mercredi-23-avril-et-jeudi-24-avril.pdf\" target=\"_blank\" rel=\"noreferrer noopener\">Flyer de La Rose des Pr\u00e9s<\/a><\/strong><\/h2>\n\n\n\n<h3 class=\"wp-block-heading has-text-align-center\"><strong>Merci de commander par t\u00e9l\u00e9phone au 06 99 71 56 71<\/strong><\/h3>\n\n\n\n<h3 class=\"wp-block-heading has-text-align-center has-text-color has-link-color wp-elements-5a4d469e2f605fc16699b8424fe4bd12\" style=\"color:#422dcf\">ou par mail: <strong><code><strong><a href=\"mailto:earl.guillemot@laposte.net\">earl.guillemot@laposte.net<\/a><\/strong><\/code><\/strong><\/h3>\n\n\n\n<h2 class=\"wp-block-heading has-text-align-center has-text-color has-link-color wp-elements-524b56020415899ce07454b57289c03a\" style=\"color:#950606\">date limite de commande dimanche 20 avril<\/h2>\n\n\n\n<p><strong>Ferme \u00ab&nbsp;La Rose des Pr\u00e9s&nbsp;\u00bb<\/strong><br>EARL Guillemot Fran\u00e7ois Guillemot<br>Les Garreauds<\/p>\n\n\n\n<p>71 320 Saint Eug\u00e8ne<\/p>\n","protected":false},"excerpt":{"rendered":"<p>La ferme \u00ab\u00a0La Rose des Pr\u00e9s\u00a0\u00bb vous propose de passer une commande de viande et charcuteries de porcs BIO \u00e9lev\u00e9s en plein air et de viande de veau ros\u00e9 BIO \u00e9lev\u00e9s sous la m\u00e8re en plein air. La livraison aura&hellip;<\/p>\n<p class=\"more-link-p\"><a class=\"more-link\" href=\"https:\/\/cabas-bio.fr\/?p=2051\">Read more &rarr;<\/a><\/p>\n","protected":false},"author":3,"featured_media":0,"comment_status":"closed","ping_status":"closed","sticky":false,"template":"","format":"standard","meta":{"footnotes":""},"categories":[1],"tags":[],"_links":{"self":[{"href":"https:\/\/cabas-bio.fr\/index.php?rest_route=\/wp\/v2\/posts\/2051"}],"collection":[{"href":"https:\/\/cabas-bio.fr\/index.php?rest_route=\/wp\/v2\/posts"}],"about":[{"href":"https:\/\/cabas-bio.fr\/index.php?rest_route=\/wp\/v2\/types\/post"}],"author":[{"embeddable":true,"href":"https:\/\/cabas-bio.fr\/index.php?rest_route=\/wp\/v2\/users\/3"}],"replies":[{"embeddable":true,"href":"https:\/\/cabas-bio.fr\/index.php?rest_route=%2Fwp%2Fv2%2Fcomments&post=2051"}],"version-history":[{"count":2,"href":"https:\/\/cabas-bio.fr\/index.php?rest_route=\/wp\/v2\/posts\/2051\/revisions"}],"predecessor-version":[{"id":2053,"href":"https:\/\/cabas-bio.fr\/index.php?rest_route=\/wp\/v2\/posts\/2051\/revisions\/2053"}],"wp:attachment":[{"href":"https:\/\/cabas-bio.fr\/index.php?rest_route=%2Fwp%2Fv2%2Fmedia&parent=2051"}],"wp:term":[{"taxonomy":"category","embeddable":true,"href":"https:\/\/cabas-bio.fr\/index.php?rest_route=%2Fwp%2Fv2%2Fcategories&post=2051"},{"taxonomy":"post_tag","embeddable":true,"href":"https:\/\/cabas-bio.fr\/index.php?rest_route=%2Fwp%2Fv2%2Ftags&post=2051"}],"curies":[{"name":"wp","href":"https:\/\/api.w.org\/{rel}","templated":true}]}}