{"id":1992,"date":"2024-11-13T11:12:00","date_gmt":"2024-11-13T10:12:00","guid":{"rendered":"http:\/\/cabas-bio.fr\/?p=1992"},"modified":"2024-11-13T13:10:20","modified_gmt":"2024-11-13T12:10:20","slug":"vente-de-viande-bovine-bio-de-lelevage-du-paquier","status":"publish","type":"post","link":"https:\/\/cabas-bio.fr\/?p=1992","title":{"rendered":"Vente de viande bovine BIO de l&rsquo;Elevage du PAQUIER"},"content":{"rendered":"\n<h2 class=\"wp-block-heading has-text-align-center has-text-color has-link-color wp-elements-013b02ace86faac501a3787bc35ddfb8\" style=\"color:#750e0e\">Suite \u00e0 l&rsquo;arr\u00eat de la ferme des Bruy\u00e8res, un nouveau producteur nous propose de la viande bovine : l&rsquo;EARL du PAQUIER.<\/h2>\n\n\n\n<h1 class=\"wp-block-heading has-text-align-center has-text-color has-link-color wp-elements-0f6f0e9d280c565f47fe66583221e65e\" style=\"color:#750e0e\">L&rsquo;Elevage du PAQUIER vous propose de passer commande pour une vente de viande de b\u0153uf, et de conserves en bocaux<\/h1>\n\n\n\n<hr class=\"wp-block-separator has-alpha-channel-opacity\"\/>\n\n\n\n<h2 class=\"wp-block-heading has-text-align-center\">La livraison aura lieu <\/h2>\n\n\n\n<h1 class=\"wp-block-heading has-text-align-center has-luminous-vivid-orange-color has-text-color has-link-color wp-elements-ed055b5ae080b36da3015c6e11792ed9\"><strong>les 29 et 30 novembre \u00e0 la ferme<\/strong><\/h1>\n\n\n\n<h2 class=\"wp-block-heading has-text-align-center\">OU<\/h2>\n\n\n\n<h1 class=\"wp-block-heading has-text-align-center has-luminous-vivid-orange-color has-text-color has-link-color wp-elements-aa54a25fa95a4588c89a351ad5b3f01b\"><strong>le mercredi 4 d\u00e9cembre<\/strong><\/h1>\n\n\n\n<h2 class=\"wp-block-heading has-text-align-center has-luminous-vivid-orange-color has-text-color has-link-color wp-elements-64d1c407e52d2060b7a56611083d182e\">de 11h \u00e0 13h, au rendez-vous du cabas bio sur le parking de \u00ab&nbsp;Carrefour Market&nbsp;\u00bb face \u00e0 la gare du Creusot,<\/h2>\n\n\n\n<h2 class=\"wp-block-heading has-text-align-center has-text-color has-link-color wp-elements-961e153387a2cb9d3e6b019360e88f79\" style=\"color:#750e0e\">Le choix du lieu de livraison sera \u00e0 pr\u00e9ciser lors de votre commande.<\/h2>\n\n\n\n<hr class=\"wp-block-separator has-alpha-channel-opacity\"\/>\n\n\n\n<h2 class=\"wp-block-heading has-text-align-center has-text-color has-link-color has-medium-font-size wp-elements-46460a3150dbe68b0d27e9e5e2b5483c\" style=\"color:#076e48\">Regardez le d\u00e9tail et commandez avec le<\/h2>\n\n\n\n<h2 class=\"wp-block-heading has-text-align-center has-text-color has-link-color wp-elements-5aecc5903f9b363c3f06b544055e3002\" style=\"color:#1b07e3\"><a href=\"http:\/\/cabas-bio.fr\/wp-content\/uploads\/2024\/11\/Paquier_BC-2411-Boeuf.docx\" target=\"_blank\" rel=\"noreferrer noopener\">Bon de commande de l&rsquo;Elevage du Paquier (version .doc)<\/a><\/h2>\n\n\n\n<h2 class=\"wp-block-heading has-text-align-center has-text-color has-link-color wp-elements-d55e9749910ce8a00e67acf564a13b25\" style=\"color:#1b07e3\"><a href=\"http:\/\/cabas-bio.fr\/wp-content\/uploads\/2024\/11\/Paquier_BC-2411-Boeuf.pdf\" target=\"_blank\" rel=\"noreferrer noopener\">Bon de commande de l&rsquo;Elevage du Paquier (version PDF)<\/a><\/h2>\n\n\n\n<h2 class=\"wp-block-heading has-text-align-center has-text-color has-link-color wp-elements-37bed9c043afe06f9240f94330924288\" style=\"color:#750e0e\">Passez votre commande (par mail) avant le 22 novembre !<\/h2>\n\n\n\n<hr class=\"wp-block-separator has-alpha-channel-opacity\"\/>\n\n\n\n<h2 class=\"wp-block-heading has-text-align-center has-text-color has-link-color wp-elements-f47f725530a2c1274dde76b1e2d2f517\" style=\"color:#076e48\">Pour en savoir plus sur l&rsquo;Elevage du Paquier :<\/h2>\n\n\n\n<h2 class=\"wp-block-heading has-text-align-center has-text-color has-link-color wp-elements-07b717675c974fd9394f3e50ebe240ae\" style=\"color:#1b07e3\"><a href=\"http:\/\/cabas-bio.fr\/wp-content\/uploads\/2024\/11\/Paquier-Affiche.pdf\" target=\"_blank\" rel=\"noreferrer noopener\">Affiche<\/a><\/h2>\n\n\n\n<h2 class=\"wp-block-heading has-text-align-center has-text-color has-link-color wp-elements-93ec65421f5d880dc142236c79bbf8a4\" style=\"color:#1b07e3\"><a href=\"http:\/\/cabas-bio.fr\/wp-content\/uploads\/2024\/11\/Paquier-presentation-des-productions.pdf\" target=\"_blank\" rel=\"noreferrer noopener\">Pr\u00e9sentation de l&rsquo;exploitation<\/a><\/h2>\n\n\n\n<hr class=\"wp-block-separator has-alpha-channel-opacity\"\/>\n\n\n\n<p><strong>\u00c9levage du Paquier<\/strong><\/p>\n\n\n\n<p>71390 SAINTE H\u00c9L\u00c8NE<\/p>\n\n\n\n<p>elevagedupaquier71@gmail.com<\/p>\n\n\n\n<p>03 85 96 90 67<\/p>\n","protected":false},"excerpt":{"rendered":"<p>Suite \u00e0 l&rsquo;arr\u00eat de la ferme des Bruy\u00e8res, un nouveau producteur nous propose de la viande bovine : l&rsquo;EARL du PAQUIER. L&rsquo;Elevage du PAQUIER vous propose de passer commande pour une vente de viande de b\u0153uf, et de conserves en&hellip;<\/p>\n<p class=\"more-link-p\"><a class=\"more-link\" href=\"https:\/\/cabas-bio.fr\/?p=1992\">Read more &rarr;<\/a><\/p>\n","protected":false},"author":3,"featured_media":0,"comment_status":"closed","ping_status":"closed","sticky":false,"template":"","format":"standard","meta":{"footnotes":""},"categories":[1],"tags":[],"_links":{"self":[{"href":"https:\/\/cabas-bio.fr\/index.php?rest_route=\/wp\/v2\/posts\/1992"}],"collection":[{"href":"https:\/\/cabas-bio.fr\/index.php?rest_route=\/wp\/v2\/posts"}],"about":[{"href":"https:\/\/cabas-bio.fr\/index.php?rest_route=\/wp\/v2\/types\/post"}],"author":[{"embeddable":true,"href":"https:\/\/cabas-bio.fr\/index.php?rest_route=\/wp\/v2\/users\/3"}],"replies":[{"embeddable":true,"href":"https:\/\/cabas-bio.fr\/index.php?rest_route=%2Fwp%2Fv2%2Fcomments&post=1992"}],"version-history":[{"count":14,"href":"https:\/\/cabas-bio.fr\/index.php?rest_route=\/wp\/v2\/posts\/1992\/revisions"}],"predecessor-version":[{"id":2012,"href":"https:\/\/cabas-bio.fr\/index.php?rest_route=\/wp\/v2\/posts\/1992\/revisions\/2012"}],"wp:attachment":[{"href":"https:\/\/cabas-bio.fr\/index.php?rest_route=%2Fwp%2Fv2%2Fmedia&parent=1992"}],"wp:term":[{"taxonomy":"category","embeddable":true,"href":"https:\/\/cabas-bio.fr\/index.php?rest_route=%2Fwp%2Fv2%2Fcategories&post=1992"},{"taxonomy":"post_tag","embeddable":true,"href":"https:\/\/cabas-bio.fr\/index.php?rest_route=%2Fwp%2Fv2%2Ftags&post=1992"}],"curies":[{"name":"wp","href":"https:\/\/api.w.org\/{rel}","templated":true}]}}