{"id":1982,"date":"2024-10-04T18:29:36","date_gmt":"2024-10-04T17:29:36","guid":{"rendered":"http:\/\/cabas-bio.fr\/?p=1982"},"modified":"2024-10-04T18:29:38","modified_gmt":"2024-10-04T17:29:38","slug":"vente-de-viande-de-porc-bio-de-la-ferme-la-rose-des-pres-9","status":"publish","type":"post","link":"https:\/\/cabas-bio.fr\/?p=1982","title":{"rendered":"Vente de viande de porc BIO de la ferme \u00ab La Rose des Pr\u00e9s \u00bb"},"content":{"rendered":"\n<h1 class=\"wp-block-heading has-text-align-center has-text-color has-link-color wp-elements-402dcc13d7aa7c16e3a67d1dea710786\" style=\"color:#821b1b\"><strong>La ferme \u00ab&nbsp;La Rose des Pr\u00e9s&nbsp;\u00bb vous propose de passer une commande de viande de porcs BIO \u00e9lev\u00e9s en plein air et de charcuteries<\/strong><\/h1>\n\n\n\n<h1 class=\"wp-block-heading has-text-align-center\"><strong>La livraison aura lieu<\/strong><\/h1>\n\n\n\n<h1 class=\"wp-block-heading has-text-align-center has-luminous-vivid-orange-color has-text-color has-link-color wp-elements-e50b2a28c7256601c3d2cccfed7c2bc6\"><strong>mercredi 6 novembre 2024<\/strong><\/h1>\n\n\n\n<h3 class=\"wp-block-heading has-text-align-center\">de 11h \u00e0 13h, au rendez-vous du cabas bio sur le parking de \u00ab&nbsp;Carrefour Market&nbsp;\u00bb face \u00e0 la gare du Creusot,<\/h3>\n\n\n\n<h3 class=\"wp-block-heading has-text-align-center has-luminous-vivid-orange-color has-text-color has-link-color wp-elements-4395db9fa82c2dcddb8f7e6e65e1bcec\">Merci de passer commande en choisissant sur le Flyer accessible ci-dessous, aucun produit ne sera propos\u00e9 en dehors des commandes pass\u00e9es.<\/h3>\n\n\n\n<h2 class=\"wp-block-heading has-text-align-center has-text-color has-link-color wp-elements-b7102888b1ad4ae20b49f3a680dd7703\" style=\"color:#821b1b\">Regardez le d\u00e9tail des produits disponibles sur le<\/h2>\n\n\n\n<h2 class=\"wp-block-heading has-text-align-center has-text-color has-link-color wp-elements-e160474d1252186dec9bdf01ba155df9\" style=\"color:#0c07e3\"><strong><a href=\"http:\/\/cabas-bio.fr\/wp-content\/uploads\/2024\/10\/FLYER-Guillemot-PORC-Mercredi-6-novembre-2024.pdf\" target=\"_blank\" rel=\"noreferrer noopener\">Flyer de La Rose des Pr\u00e9s<\/a><\/strong><\/h2>\n\n\n\n<h3 class=\"wp-block-heading has-text-align-center\"><strong>Merci de commander par t\u00e9l\u00e9phone au 06 99 71 56 71<\/strong><\/h3>\n\n\n\n<h3 class=\"wp-block-heading has-text-align-center has-text-color has-link-color wp-elements-ef23f5ae3863833cf023edb0fcece8d1\" style=\"color:#2a07e3\">ou par mail: <strong><code><strong><a href=\"mailto:earl.guillemot@laposte.net\">earl.guillemot@laposte.net<\/a><\/strong><\/code><\/strong><\/h3>\n\n\n\n<h2 class=\"wp-block-heading has-text-align-center has-text-color has-link-color wp-elements-e0e1d090826e56c1f95a080f73c5adeb\" style=\"color:#821b1b\">date limite de commande mardi 29 octobre<\/h2>\n\n\n\n<p><strong>Ferme \u00ab&nbsp;La Rose des Pr\u00e9s&nbsp;\u00bb<\/strong><br>EARL Guillemot Fran\u00e7ois Guillemot<br>Les Garreauds<\/p>\n\n\n\n<p>71 320 Saint Eug\u00e8ne<\/p>\n","protected":false},"excerpt":{"rendered":"<p>La ferme \u00ab&nbsp;La Rose des Pr\u00e9s&nbsp;\u00bb vous propose de passer une commande de viande de porcs BIO \u00e9lev\u00e9s en plein air et de charcuteries La livraison aura lieu mercredi 6 novembre 2024 de 11h \u00e0 13h, au rendez-vous du cabas&hellip;<\/p>\n<p class=\"more-link-p\"><a class=\"more-link\" href=\"https:\/\/cabas-bio.fr\/?p=1982\">Read more &rarr;<\/a><\/p>\n","protected":false},"author":3,"featured_media":0,"comment_status":"closed","ping_status":"closed","sticky":false,"template":"","format":"standard","meta":{"footnotes":""},"categories":[1],"tags":[],"_links":{"self":[{"href":"https:\/\/cabas-bio.fr\/index.php?rest_route=\/wp\/v2\/posts\/1982"}],"collection":[{"href":"https:\/\/cabas-bio.fr\/index.php?rest_route=\/wp\/v2\/posts"}],"about":[{"href":"https:\/\/cabas-bio.fr\/index.php?rest_route=\/wp\/v2\/types\/post"}],"author":[{"embeddable":true,"href":"https:\/\/cabas-bio.fr\/index.php?rest_route=\/wp\/v2\/users\/3"}],"replies":[{"embeddable":true,"href":"https:\/\/cabas-bio.fr\/index.php?rest_route=%2Fwp%2Fv2%2Fcomments&post=1982"}],"version-history":[{"count":3,"href":"https:\/\/cabas-bio.fr\/index.php?rest_route=\/wp\/v2\/posts\/1982\/revisions"}],"predecessor-version":[{"id":1986,"href":"https:\/\/cabas-bio.fr\/index.php?rest_route=\/wp\/v2\/posts\/1982\/revisions\/1986"}],"wp:attachment":[{"href":"https:\/\/cabas-bio.fr\/index.php?rest_route=%2Fwp%2Fv2%2Fmedia&parent=1982"}],"wp:term":[{"taxonomy":"category","embeddable":true,"href":"https:\/\/cabas-bio.fr\/index.php?rest_route=%2Fwp%2Fv2%2Fcategories&post=1982"},{"taxonomy":"post_tag","embeddable":true,"href":"https:\/\/cabas-bio.fr\/index.php?rest_route=%2Fwp%2Fv2%2Ftags&post=1982"}],"curies":[{"name":"wp","href":"https:\/\/api.w.org\/{rel}","templated":true}]}}