{"id":1498,"date":"2021-01-21T19:27:29","date_gmt":"2021-01-21T18:27:29","guid":{"rendered":"http:\/\/cabas-bio.fr\/?p=1498"},"modified":"2021-01-21T19:27:31","modified_gmt":"2021-01-21T18:27:31","slug":"vente-de-viande-bio-de-la-ferme-des-bruyeres","status":"publish","type":"post","link":"https:\/\/cabas-bio.fr\/?p=1498","title":{"rendered":"Vente de viande BIO de la Ferme des Bruy\u00e8res"},"content":{"rendered":"\n<div class=\"wp-block-group\"><div class=\"wp-block-group__inner-container is-layout-flow wp-block-group-is-layout-flow\">\n<h2 class=\"has-vivid-red-color has-text-color has-text-align-center wp-block-heading\"><strong>La Ferme des Bruy\u00e8res vous propose<\/strong><\/h2>\n\n\n\n<h2 class=\"has-vivid-red-color has-text-color has-text-align-center wp-block-heading\"><strong>de passer commande pour une livraison<br><\/strong><\/h2>\n<\/div><\/div>\n\n\n\n<h1 class=\"has-luminous-vivid-orange-color has-text-color has-text-align-center wp-block-heading\"><strong>le mercredi 3 f\u00e9vrier 2021<\/strong><\/h1>\n\n\n\n<h3 class=\"has-text-align-center wp-block-heading\">de 11h \u00e0 13h, au rendez-vous du cabas bio sur le parking de \u00ab\u00a0Carrefour Market\u00a0\u00bb face \u00e0 la gare du Creusot,<\/h3>\n\n\n\n<h2 class=\"has-luminous-vivid-orange-color has-text-color has-text-align-center wp-block-heading\">ou R\u00e9cup\u00e9ration \u00e0 la ferme<\/h2>\n\n\n\n<h2 class=\"has-luminous-vivid-orange-color has-text-color has-text-align-center wp-block-heading\">le Dimanche 7 F\u00e9vrier de\u00a0 10 h\u00a0 \u00e0 12 h 30<\/h2>\n\n\n\n<p><\/p>\n\n\n\n<h2 class=\"has-vivid-red-color has-text-color has-text-align-center wp-block-heading\"><strong>Viandes bovine, porcine et charcuteries<\/strong><\/h2>\n\n\n\n<h2 class=\"has-vivid-red-color has-text-color has-text-align-center wp-block-heading\">Regardez le d\u00e9tail et commandez avec le<\/h2>\n\n\n\n<h2 class=\"has-text-color has-text-align-center wp-block-heading\" style=\"color:#1806e5\"><a rel=\"noreferrer noopener\" href=\"https:\/\/docs.google.com\/forms\/d\/e\/1FAIpQLSdHV7XK8ZMn45Crccbdw8LhGRCMYoCO4ae0dshtWuY09ParzA\/viewform\" target=\"_blank\"><span style=\"color:#1328e6\" class=\"has-inline-color\">formulaire de la Ferme des Bruy\u00e8res .<\/span><\/a><\/h2>\n\n\n\n<h2 class=\"has-vivid-red-color has-text-color has-text-align-center wp-block-heading\">Passez commande rapidement<\/h2>\n\n\n\n<p><\/p>\n\n\n\n<p><\/p>\n\n\n\n<p><strong>Gaec Ferme des Bruy\u00e8res<\/strong><br>David et Marie-Paule Huyghe<br>Chambre d\u2019h\u00f4tes, Agriculture Biologique<\/p>\n\n\n\n<p>721 rue des bruy\u00e8res 71600 Vitry en Charollais<\/p>\n\n\n\n<p><a href=\"http:\/\/ferme-des-bruyeres.fr\" target=\"_blank\" rel=\"noreferrer noopener\">ferme-des-bruyeres.fr<\/a><br>03 85 81 10 79<\/p>\n","protected":false},"excerpt":{"rendered":"<p>La Ferme des Bruy\u00e8res vous propose de passer commande pour une livraison le mercredi 3 f\u00e9vrier 2021 de 11h \u00e0 13h, au rendez-vous du cabas bio sur le parking de \u00ab\u00a0Carrefour Market\u00a0\u00bb face \u00e0 la gare du Creusot, ou R\u00e9cup\u00e9ration&hellip;<\/p>\n<p class=\"more-link-p\"><a class=\"more-link\" href=\"https:\/\/cabas-bio.fr\/?p=1498\">Read more &rarr;<\/a><\/p>\n","protected":false},"author":3,"featured_media":0,"comment_status":"closed","ping_status":"closed","sticky":false,"template":"","format":"standard","meta":{"footnotes":""},"categories":[1],"tags":[],"_links":{"self":[{"href":"https:\/\/cabas-bio.fr\/index.php?rest_route=\/wp\/v2\/posts\/1498"}],"collection":[{"href":"https:\/\/cabas-bio.fr\/index.php?rest_route=\/wp\/v2\/posts"}],"about":[{"href":"https:\/\/cabas-bio.fr\/index.php?rest_route=\/wp\/v2\/types\/post"}],"author":[{"embeddable":true,"href":"https:\/\/cabas-bio.fr\/index.php?rest_route=\/wp\/v2\/users\/3"}],"replies":[{"embeddable":true,"href":"https:\/\/cabas-bio.fr\/index.php?rest_route=%2Fwp%2Fv2%2Fcomments&post=1498"}],"version-history":[{"count":14,"href":"https:\/\/cabas-bio.fr\/index.php?rest_route=\/wp\/v2\/posts\/1498\/revisions"}],"predecessor-version":[{"id":1512,"href":"https:\/\/cabas-bio.fr\/index.php?rest_route=\/wp\/v2\/posts\/1498\/revisions\/1512"}],"wp:attachment":[{"href":"https:\/\/cabas-bio.fr\/index.php?rest_route=%2Fwp%2Fv2%2Fmedia&parent=1498"}],"wp:term":[{"taxonomy":"category","embeddable":true,"href":"https:\/\/cabas-bio.fr\/index.php?rest_route=%2Fwp%2Fv2%2Fcategories&post=1498"},{"taxonomy":"post_tag","embeddable":true,"href":"https:\/\/cabas-bio.fr\/index.php?rest_route=%2Fwp%2Fv2%2Ftags&post=1498"}],"curies":[{"name":"wp","href":"https:\/\/api.w.org\/{rel}","templated":true}]}}