{"id":1339,"date":"2020-04-17T14:31:02","date_gmt":"2020-04-17T13:31:02","guid":{"rendered":"http:\/\/cabas-bio.fr\/?p=1339"},"modified":"2020-04-17T14:43:12","modified_gmt":"2020-04-17T13:43:12","slug":"vente-de-viande-dagneau-et-de-veau-rose-bio-de-la-ferme-la-rose-des-pres","status":"publish","type":"post","link":"https:\/\/cabas-bio.fr\/?p=1339","title":{"rendered":"Vente de viande BIO d\u2019agneau et de veau ros\u00e9 de la ferme \u00ab La Rose des Pr\u00e9s \u00bb"},"content":{"rendered":"<div class=\"entry-content\">\n<div class=\"entry-content\">\n<h1 style=\"text-align: center;\"><span style=\"color: #800000;\"><strong>La ferme \u00ab\u00a0La Rose des Pr\u00e9s\u00a0\u00bb vous propose de passer commande pour une livraison de viande BIO d\u2019agneau et de veau ros\u00e9<br \/>\n<\/strong><\/span><\/h1>\n<h1 style=\"text-align: center;\"><span style=\"color: #800000;\"><strong><span style=\"color: #ff6600;\">le mercredi 6 mai 2020<br \/>\n<\/span><\/strong><\/span><\/h1>\n<h3 style=\"padding-left: 30px; text-align: center;\"><span style=\"color: #000000;\">le lieu sera pr\u00e9cis\u00e9 plus tard en fonction de l&rsquo;\u00e9volution de la crise sanitaire,<\/span><\/h3>\n<h2 style=\"text-align: center;\"><span style=\"color: #800000;\"><span style=\"color: #ff0000;\">Il est <strong>indispensable<\/strong> de passer commande en choisissant sur le Flyer accessible ci-dessous, aucun produit ne sera propos\u00e9 en dehors des commandes pass\u00e9es.<\/span><br \/>\n<\/span><\/h2>\n<h2 style=\"text-align: center;\"><span style=\"color: #0000ff;\">Regardez le d\u00e9tail des produits disponibles sur le <span style=\"text-decoration: underline;\"><a href=\"http:\/\/cabas-bio.fr\/wp-content\/uploads\/2020\/04\/Flyer-Guillemot-6-mai-2020.pdf\" target=\"_blank\"><span style=\"color: #0000ff; text-decoration: underline;\">Flyer La Rose des Pr\u00e9s <\/span><\/a><\/span><\/span><\/h2>\n<h3 style=\"text-align: center;\"><strong>Merci de commander par t\u00e9l\u00e9phone au 06 99 71 56 71<\/strong><\/h3>\n<h3 style=\"text-align: center;\">ou par mail:\u00a0<strong><a id=\"earl.guillemot@laposte.net_body\" class=\"adr black-to-orange contextEntry\" href=\"https:\/\/webmail1n.orange.fr\/webmail\/fr_FR\/read.html?FOLDER=SF_INBOX&amp;IDMSG=38089&amp;check=&amp;SORTBY=1#\" target=\"_blank\">earl.guillemot@laposte.net<\/a><\/strong><\/h3>\n<h2 style=\"text-align: center;\"><span style=\"color: #ff0000;\">\u00a0jusqu&rsquo;au jeudi 23 avril dernier d\u00e9lai<\/span><\/h2>\n<p>&nbsp;<\/p>\n<div><span style=\"color: #4c1130;\"><span style=\"font-size: large;\"><span style=\"font-family: garamond,serif;\"><b>Ferme \u00ab\u00a0La Rose des Pr\u00e9s\u00a0\u00bb<\/b><br \/>\nEARL Guillemot<\/span><\/span><\/span><\/div>\n<div><span style=\"color: #4c1130;\"><span style=\"font-size: large;\"><span style=\"font-family: garamond,serif;\">Fran\u00e7ois Guillemot<br \/>\n<\/span><\/span><\/span><span style=\"color: #4c1130;\"><span style=\"font-size: large;\"><span style=\"font-family: garamond,serif;\">Les Garreauds<br \/>\n<\/span><\/span><\/span><\/div>\n<p><span style=\"color: #4c1130;\"><span style=\"font-size: large;\"><span style=\"font-family: garamond,serif;\">71 320 Saint Eug\u00e8ne<\/span><\/span><\/span><\/p>\n<\/div>\n<\/div>\n","protected":false},"excerpt":{"rendered":"<p>La ferme \u00ab\u00a0La Rose des Pr\u00e9s\u00a0\u00bb vous propose de passer commande pour une livraison de viande BIO d\u2019agneau et de veau ros\u00e9 le mercredi 6 mai 2020 le lieu sera pr\u00e9cis\u00e9 plus tard en fonction de l&rsquo;\u00e9volution de la crise&hellip;<\/p>\n<p class=\"more-link-p\"><a class=\"more-link\" href=\"https:\/\/cabas-bio.fr\/?p=1339\">Read more &rarr;<\/a><\/p>\n","protected":false},"author":3,"featured_media":0,"comment_status":"closed","ping_status":"closed","sticky":false,"template":"","format":"standard","meta":{"footnotes":""},"categories":[1],"tags":[],"_links":{"self":[{"href":"https:\/\/cabas-bio.fr\/index.php?rest_route=\/wp\/v2\/posts\/1339"}],"collection":[{"href":"https:\/\/cabas-bio.fr\/index.php?rest_route=\/wp\/v2\/posts"}],"about":[{"href":"https:\/\/cabas-bio.fr\/index.php?rest_route=\/wp\/v2\/types\/post"}],"author":[{"embeddable":true,"href":"https:\/\/cabas-bio.fr\/index.php?rest_route=\/wp\/v2\/users\/3"}],"replies":[{"embeddable":true,"href":"https:\/\/cabas-bio.fr\/index.php?rest_route=%2Fwp%2Fv2%2Fcomments&post=1339"}],"version-history":[{"count":4,"href":"https:\/\/cabas-bio.fr\/index.php?rest_route=\/wp\/v2\/posts\/1339\/revisions"}],"predecessor-version":[{"id":1343,"href":"https:\/\/cabas-bio.fr\/index.php?rest_route=\/wp\/v2\/posts\/1339\/revisions\/1343"}],"wp:attachment":[{"href":"https:\/\/cabas-bio.fr\/index.php?rest_route=%2Fwp%2Fv2%2Fmedia&parent=1339"}],"wp:term":[{"taxonomy":"category","embeddable":true,"href":"https:\/\/cabas-bio.fr\/index.php?rest_route=%2Fwp%2Fv2%2Fcategories&post=1339"},{"taxonomy":"post_tag","embeddable":true,"href":"https:\/\/cabas-bio.fr\/index.php?rest_route=%2Fwp%2Fv2%2Ftags&post=1339"}],"curies":[{"name":"wp","href":"https:\/\/api.w.org\/{rel}","templated":true}]}}