{"id":1323,"date":"2020-04-06T19:43:57","date_gmt":"2020-04-06T18:43:57","guid":{"rendered":"http:\/\/cabas-bio.fr\/?p=1323"},"modified":"2020-04-20T20:03:07","modified_gmt":"2020-04-20T19:03:07","slug":"crise-sanitaire-livraison-des-paniers","status":"publish","type":"post","link":"https:\/\/cabas-bio.fr\/?p=1323","title":{"rendered":"Crise Sanitaire, livraison des paniers"},"content":{"rendered":"<h3 dir=\"ltr\" style=\"text-align: center;\"><span style=\"color: #008000;\">Suite \u00e0 l\u2019annonce du gouvernement de fermer les march\u00e9s ouverts, il ne nous est plus autoris\u00e9 de r\u00e9aliser les livraisons sur le parking municipal sous Carrefour.<\/span><\/h3>\n<h3 dir=\"ltr\" style=\"text-align: center;\"><span style=\"color: #008000;\">Pour permettre la continuit\u00e9 de livraison des nos paniers, Pierre Guillauma, responsable de Biomonde, accepte d&rsquo;accueillir Fran\u00e7oise les mercredis, <\/span><\/h3>\n<h1 dir=\"ltr\" style=\"text-align: center;\"><span style=\"color: #ff0000;\">de 13h30 \u00e0 15h30,<\/span><\/h1>\n<h3 dir=\"ltr\" style=\"text-align: center;\"><span style=\"color: #008000;\"> sur le parking de son magasin pour assurer les livraisons de fruits et l\u00e9gumes.<\/span><\/h3>\n<h4 dir=\"ltr\" style=\"text-align: center;\"><span style=\"color: #008000;\">(Uniquement les paniers et les commandes, pas de vente au d\u00e9tail).<\/span><\/h4>\n<h2 dir=\"ltr\" style=\"text-align: center;\"><span style=\"color: #008000;\">Pour continuer dans le respect des r\u00e8gles li\u00e9es au confinement, nous vous demandons de vous inscrire en ligne pour fluidifier l\u2019affluence \u00e0 la livraison.<\/span><\/h2>\n<h2 dir=\"ltr\" style=\"text-align: center;\"><span style=\"color: #008000;\">Merci d&rsquo;utiliser le lien ci-dessous pour vous inscrire (4 inscriptions maxi par cr\u00e9neau, un seul cr\u00e9neau par personne) et de respecter l&rsquo;horaire que vous aurez choisi.<\/span><\/h2>\n<h1 dir=\"ltr\" style=\"text-align: center;\"><span style=\"color: #ff0000;\"><a href=\"https:\/\/doodle.com\/poll\/k9tbga2sui7znmmy\" target=\"_blank\"><span style=\"color: #ff0000;\">Cliquez-ici pour la livraison du mercredi 22 avril.<\/span><\/a><\/span><\/h1>\n<h3 dir=\"ltr\" style=\"text-align: center;\"><span class=\"d-locationName\" style=\"color: #800000;\">Parking Biomonde &#8211; 51, avenue des abattoirs 71200 Le Creusot (en face de la caserne des pompiers)<\/span><\/h3>\n<h2 style=\"text-align: center;\"><span style=\"color: #800000;\">Nous remercions Pierre Guillauma pour cette d\u00e9marche, le magasin Biomonde est ouvert pendant le cr\u00e9neau des paniers, profitez-en !<\/span><\/h2>\n<h3 dir=\"ltr\" style=\"text-align: center;\"><span style=\"color: #008000;\">La livraison du pain est suspendue pour le moment.<\/span><\/h3>\n<h1 style=\"text-align: center;\"><span style=\"color: #800000;\">Merci de votre compr\u00e9hension !<\/span><\/h1>\n","protected":false},"excerpt":{"rendered":"<p>Suite \u00e0 l\u2019annonce du gouvernement de fermer les march\u00e9s ouverts, il ne nous est plus autoris\u00e9 de r\u00e9aliser les livraisons sur le parking municipal sous Carrefour. Pour permettre la continuit\u00e9 de livraison des nos paniers, Pierre Guillauma, responsable de Biomonde,&hellip;<\/p>\n<p class=\"more-link-p\"><a class=\"more-link\" href=\"https:\/\/cabas-bio.fr\/?p=1323\">Read more &rarr;<\/a><\/p>\n","protected":false},"author":3,"featured_media":0,"comment_status":"closed","ping_status":"closed","sticky":false,"template":"","format":"standard","meta":{"footnotes":""},"categories":[1],"tags":[],"_links":{"self":[{"href":"https:\/\/cabas-bio.fr\/index.php?rest_route=\/wp\/v2\/posts\/1323"}],"collection":[{"href":"https:\/\/cabas-bio.fr\/index.php?rest_route=\/wp\/v2\/posts"}],"about":[{"href":"https:\/\/cabas-bio.fr\/index.php?rest_route=\/wp\/v2\/types\/post"}],"author":[{"embeddable":true,"href":"https:\/\/cabas-bio.fr\/index.php?rest_route=\/wp\/v2\/users\/3"}],"replies":[{"embeddable":true,"href":"https:\/\/cabas-bio.fr\/index.php?rest_route=%2Fwp%2Fv2%2Fcomments&post=1323"}],"version-history":[{"count":9,"href":"https:\/\/cabas-bio.fr\/index.php?rest_route=\/wp\/v2\/posts\/1323\/revisions"}],"predecessor-version":[{"id":1345,"href":"https:\/\/cabas-bio.fr\/index.php?rest_route=\/wp\/v2\/posts\/1323\/revisions\/1345"}],"wp:attachment":[{"href":"https:\/\/cabas-bio.fr\/index.php?rest_route=%2Fwp%2Fv2%2Fmedia&parent=1323"}],"wp:term":[{"taxonomy":"category","embeddable":true,"href":"https:\/\/cabas-bio.fr\/index.php?rest_route=%2Fwp%2Fv2%2Fcategories&post=1323"},{"taxonomy":"post_tag","embeddable":true,"href":"https:\/\/cabas-bio.fr\/index.php?rest_route=%2Fwp%2Fv2%2Ftags&post=1323"}],"curies":[{"name":"wp","href":"https:\/\/api.w.org\/{rel}","templated":true}]}}